{"id":3230,"date":"2019-02-10T18:23:46","date_gmt":"2019-02-10T17:23:46","guid":{"rendered":"http:\/\/mainzerstrasse.saarland\/wordpress\/?p=3230"},"modified":"2019-04-08T21:47:28","modified_gmt":"2019-04-08T19:47:28","slug":"stimmen-aus-dem-quartier","status":"publish","type":"post","link":"https:\/\/mainzerstrasse.saarland\/wordpress\/2019\/02\/10\/stimmen-aus-dem-quartier\/","title":{"rendered":"Stimmen aus dem Quartier"},"content":{"rendered":"\n<figure class=\"wp-block-image is-resized\"><img loading=\"lazy\" decoding=\"async\" src=\"http:\/\/mainzerstrasse.saarland\/wordpress\/wp-content\/uploads\/2019\/02\/HomepageBeitrag.jpg\" alt=\"\" class=\"wp-image-3231\" width=\"599\" height=\"599\" srcset=\"https:\/\/mainzerstrasse.saarland\/wordpress\/wp-content\/uploads\/2019\/02\/HomepageBeitrag.jpg 410w, https:\/\/mainzerstrasse.saarland\/wordpress\/wp-content\/uploads\/2019\/02\/HomepageBeitrag-150x150.jpg 150w, https:\/\/mainzerstrasse.saarland\/wordpress\/wp-content\/uploads\/2019\/02\/HomepageBeitrag-300x300.jpg 300w, https:\/\/mainzerstrasse.saarland\/wordpress\/wp-content\/uploads\/2019\/02\/HomepageBeitrag-100x100.jpg 100w, https:\/\/mainzerstrasse.saarland\/wordpress\/wp-content\/uploads\/2019\/02\/HomepageBeitrag-200x200.jpg 200w\" sizes=\"auto, (max-width: 599px) 100vw, 599px\" \/><figcaption>Portrait Fotos by <a href=\"https:\/\/www.bildmomente.com\/\">https:\/\/www.bildmomente.com\/<\/a>. oben links Irene Portugall vom LSVD, oben Mitte Familie Firat von Yummy Kebab, oben rechts Inge Petry Hausbesitzerin und Anwohnerin, links Mitte Martin Schuch und Dagmar Prinz von Casamada, unten links Silvia Leutheuser vom Haus der Sch\u00f6nheit, gro\u00dfes Bild Vereinsvorstand von links nach rechts Stefan Schilling Kassenwart und Anwohner, Gerd Leidinger 2. Vorsitzender und Hotel Leidinger, Stefan Kohl 1. Vorsitzender und Piet\u00e4t von R\u00fcden, Andrea Dumont Schriftf\u00fchrerin und Fruchteria<br><br>Titelfoto Quartiersbrosch\u00fcre\u00a0<a href=\"https:\/\/bennydutka.de\/\">https:\/\/bennydutka.de\/<\/a><br><br><br><\/figcaption><\/figure>\n\n\n\n<p>Was macht das Quartier Mainzer Stra\u00dfe zum liebenswerten Quartier? Es sind die Menschen, die das Quartier ausmachen. Menschen die Ihren Lebensmittelpunkt im Quartier haben. Menschen die seit Jahren Ihre Gesch\u00e4fte im Quartier betreiben, die zum Teil seid Generationen im Quartier wohnen und oder ihre H\u00e4user im Quartier haben. Diesen Menschen wollen wir eine Stimme geben und haben Sie befragt: Warum sind Sie im Quartier Mainzer Stra\u00dfe so aktiv.<\/p>\n\n\n\n<p>Inge Petry, Hausbesitzerin und Anwohnerin:&nbsp;&#8222;Weil ich Ur-St.Johannerin bin und immer hier gelebt habe&#8220;&nbsp;<\/p>\n\n\n\n<p>Gesch\u00e4ftsfrau Silvia Leutheu\u00dfer vom Haus der Sch\u00f6nheit meint:<br>&#8222;Wir halten zusammen und sind f\u00fcr Sie da&#8220;<\/p>\n\n\n\n<p>Der Vereinsvorstand: &#8222;Mit der l\u00e4ngsten Stra\u00dfe Saarbr\u00fcckens haben wir den sch\u00f6nsten Boulevard der Stadt und k\u00f6nnen eine Vielfalt von Kultur, Gastronomie und Familienleben mitten in der Stadt vereinen. Einfach liebenswert.<\/p>\n","protected":false},"excerpt":{"rendered":"<p>Was macht das Quartier Mainzer Stra\u00dfe zum liebenswerten Quartier? Es sind die Menschen, die das Quartier ausmachen. Menschen die Ihren Lebensmittelpunkt im Quartier haben. Menschen die seit Jahren Ihre Gesch\u00e4fte im Quartier betreiben, die zum Teil seid Generationen im Quartier<span class=\"ellipsis\">&hellip;<\/span><\/p>\n<div class=\"read-more\"><a href=\"https:\/\/mainzerstrasse.saarland\/wordpress\/2019\/02\/10\/stimmen-aus-dem-quartier\/\">Weiterlesen &#8250;<\/a><\/div>\n<p><!-- end of .read-more --><\/p>\n","protected":false},"author":3,"featured_media":0,"comment_status":"closed","ping_status":"open","sticky":false,"template":"","format":"standard","meta":{"footnotes":""},"categories":[1],"tags":[],"class_list":["post-3230","post","type-post","status-publish","format-standard","hentry","category-allgemein"],"_links":{"self":[{"href":"https:\/\/mainzerstrasse.saarland\/wordpress\/wp-json\/wp\/v2\/posts\/3230","targetHints":{"allow":["GET"]}}],"collection":[{"href":"https:\/\/mainzerstrasse.saarland\/wordpress\/wp-json\/wp\/v2\/posts"}],"about":[{"href":"https:\/\/mainzerstrasse.saarland\/wordpress\/wp-json\/wp\/v2\/types\/post"}],"author":[{"embeddable":true,"href":"https:\/\/mainzerstrasse.saarland\/wordpress\/wp-json\/wp\/v2\/users\/3"}],"replies":[{"embeddable":true,"href":"https:\/\/mainzerstrasse.saarland\/wordpress\/wp-json\/wp\/v2\/comments?post=3230"}],"version-history":[{"count":7,"href":"https:\/\/mainzerstrasse.saarland\/wordpress\/wp-json\/wp\/v2\/posts\/3230\/revisions"}],"predecessor-version":[{"id":3265,"href":"https:\/\/mainzerstrasse.saarland\/wordpress\/wp-json\/wp\/v2\/posts\/3230\/revisions\/3265"}],"wp:attachment":[{"href":"https:\/\/mainzerstrasse.saarland\/wordpress\/wp-json\/wp\/v2\/media?parent=3230"}],"wp:term":[{"taxonomy":"category","embeddable":true,"href":"https:\/\/mainzerstrasse.saarland\/wordpress\/wp-json\/wp\/v2\/categories?post=3230"},{"taxonomy":"post_tag","embeddable":true,"href":"https:\/\/mainzerstrasse.saarland\/wordpress\/wp-json\/wp\/v2\/tags?post=3230"}],"curies":[{"name":"wp","href":"https:\/\/api.w.org\/{rel}","templated":true}]}}