{"id":3325,"date":"2022-04-06T19:28:55","date_gmt":"2022-04-06T17:28:55","guid":{"rendered":"http:\/\/mainzerstrasse.saarland\/wordpress\/?p=3325"},"modified":"2023-04-27T15:35:06","modified_gmt":"2023-04-27T13:35:06","slug":"das-quartier-feiert-wieder","status":"publish","type":"post","link":"https:\/\/mainzerstrasse.saarland\/wordpress\/2022\/04\/06\/das-quartier-feiert-wieder\/","title":{"rendered":"Das Quartier feiert wieder!"},"content":{"rendered":"\n<p><strong>700 Jahre Stadtrechte St. Johann<\/strong><\/p>\n\n\n\n<p>Vor 700 Jahren wurden St. Johann und Saarbr\u00fccken der sogenannte Freiheitsbrief verliehen!<\/p>\n\n\n\n<p>Dieses\n Jubil\u00e4um m\u00f6chten wir im Quartier Mainzer Stra\u00dfe mit Ihnen feiern! \nPassend zu unserem Schutzpatron, dem heiligen Johannes feiern wir rund \num den Johannestag ein Mittsommerfest.<\/p>\n\n\n\n<p>Unter\n anderem feiern wir wieder unsere beliebten Hoffeste! Am Samstag, den \n25. Juni 2022 \u00f6ffnen die sonst verschlossenen, aber wundersch\u00f6nen H\u00f6fe \nder Mainzer Stra\u00dfe ihre Tore und laden G\u00e4ste und Besucher zum Verweilen \nein. Von Kunsthandwerk \u00fcber offene Ateliers, Verk\u00f6stigungen und \nFlohmarkt findet sich alles!<\/p>\n\n\n\n<p>Seien Sie mit dabei!<\/p>\n\n\n\n<p>Haben\n Sie Interesse, die Feste mitzugestalten mit einem eigenen Stand, finden\n Sie hier die Bewerbungsunterlagen und die Teilnahmebedingungen.<\/p>\n\n\n\n<p><br><\/p>\n\n\n\n<div class=\"wp-block-file\"><a id=\"wp-block-file--media-a569ec9c-0187-42ff-9b66-ecdbb7f9a578\" href=\"http:\/\/mainzerstrasse.saarland\/wordpress\/wp-content\/uploads\/2022\/04\/Teilnahmebedingungen13Hoffeste.pdf\">Teilnahmebedingungen 13. Hoffeste<\/a><a href=\"http:\/\/mainzerstrasse.saarland\/wordpress\/wp-content\/uploads\/2022\/04\/Teilnahmebedingungen13Hoffeste.pdf\" class=\"wp-block-file__button wp-element-button\" download aria-describedby=\"wp-block-file--media-a569ec9c-0187-42ff-9b66-ecdbb7f9a578\">Herunterladen<\/a><\/div>\n\n\n\n<div class=\"wp-block-file\"><a id=\"wp-block-file--media-c29d99c9-03d2-48d0-88b2-29af185db400\" href=\"http:\/\/mainzerstrasse.saarland\/wordpress\/wp-content\/uploads\/2022\/04\/Bewerbung-13-Hoffeste.pdf\">Bewerbung 13. Hoffeste<\/a><a href=\"http:\/\/mainzerstrasse.saarland\/wordpress\/wp-content\/uploads\/2022\/04\/Bewerbung-13-Hoffeste.pdf\" class=\"wp-block-file__button wp-element-button\" download aria-describedby=\"wp-block-file--media-c29d99c9-03d2-48d0-88b2-29af185db400\">Herunterladen<\/a><\/div>\n\n\n\n<p><br><\/p>\n\n\n\n<p>Unser Programm f\u00fcr das Mittsommerfest Quartier Mainzerstrasse vom 24. &#8211; 26. Juni 2022 zum Thema 700 Jahre St. Johann.<br><\/p>\n\n\n\n<div class=\"wp-block-file\"><a href=\"http:\/\/naneneu.info\/Dateien\/Programm-Mittsommerfest-2022.pdf\">Programm Mittsommerfest<\/a><a href=\"http:\/\/naneneu.info\/Dateien\/Programm-Mittsommerfest-2022.pdf\" class=\"wp-block-file__button\" download=\"\">Herunterladen<\/a><\/div>\n\n\n\n<div class=\"wp-block-file\"><a id=\"wp-block-file--media-6843a6bb-b838-472d-a466-75d187bc84f4\" href=\"http:\/\/mainzerstrasse.saarland\/wordpress\/wp-content\/uploads\/2022\/06\/Flyer_Programm_Mittsommerfest_2022.pdf\">Flyer Programm Mittsommerfest<\/a><a href=\"http:\/\/mainzerstrasse.saarland\/wordpress\/wp-content\/uploads\/2022\/06\/Flyer_Programm_Mittsommerfest_2022.pdf\" class=\"wp-block-file__button wp-element-button\" download aria-describedby=\"wp-block-file--media-6843a6bb-b838-472d-a466-75d187bc84f4\">Herunterladen<\/a><\/div>\n","protected":false},"excerpt":{"rendered":"<p>700 Jahre Stadtrechte St. Johann Vor 700 Jahren wurden St. Johann und Saarbr\u00fccken der sogenannte Freiheitsbrief verliehen! Dieses Jubil\u00e4um m\u00f6chten wir im Quartier Mainzer Stra\u00dfe mit Ihnen feiern! Passend zu unserem Schutzpatron, dem heiligen Johannes feiern wir rund um den<span class=\"ellipsis\">&hellip;<\/span><\/p>\n<div class=\"read-more\"><a href=\"https:\/\/mainzerstrasse.saarland\/wordpress\/2022\/04\/06\/das-quartier-feiert-wieder\/\">Weiterlesen &#8250;<\/a><\/div>\n<p><!-- end of .read-more --><\/p>\n","protected":false},"author":2,"featured_media":3323,"comment_status":"closed","ping_status":"open","sticky":false,"template":"","format":"standard","meta":{"footnotes":""},"categories":[1,38],"tags":[],"class_list":["post-3325","post","type-post","status-publish","format-standard","has-post-thumbnail","hentry","category-allgemein","category-startseite"],"_links":{"self":[{"href":"https:\/\/mainzerstrasse.saarland\/wordpress\/wp-json\/wp\/v2\/posts\/3325","targetHints":{"allow":["GET"]}}],"collection":[{"href":"https:\/\/mainzerstrasse.saarland\/wordpress\/wp-json\/wp\/v2\/posts"}],"about":[{"href":"https:\/\/mainzerstrasse.saarland\/wordpress\/wp-json\/wp\/v2\/types\/post"}],"author":[{"embeddable":true,"href":"https:\/\/mainzerstrasse.saarland\/wordpress\/wp-json\/wp\/v2\/users\/2"}],"replies":[{"embeddable":true,"href":"https:\/\/mainzerstrasse.saarland\/wordpress\/wp-json\/wp\/v2\/comments?post=3325"}],"version-history":[{"count":7,"href":"https:\/\/mainzerstrasse.saarland\/wordpress\/wp-json\/wp\/v2\/posts\/3325\/revisions"}],"predecessor-version":[{"id":3357,"href":"https:\/\/mainzerstrasse.saarland\/wordpress\/wp-json\/wp\/v2\/posts\/3325\/revisions\/3357"}],"wp:featuredmedia":[{"embeddable":true,"href":"https:\/\/mainzerstrasse.saarland\/wordpress\/wp-json\/wp\/v2\/media\/3323"}],"wp:attachment":[{"href":"https:\/\/mainzerstrasse.saarland\/wordpress\/wp-json\/wp\/v2\/media?parent=3325"}],"wp:term":[{"taxonomy":"category","embeddable":true,"href":"https:\/\/mainzerstrasse.saarland\/wordpress\/wp-json\/wp\/v2\/categories?post=3325"},{"taxonomy":"post_tag","embeddable":true,"href":"https:\/\/mainzerstrasse.saarland\/wordpress\/wp-json\/wp\/v2\/tags?post=3325"}],"curies":[{"name":"wp","href":"https:\/\/api.w.org\/{rel}","templated":true}]}}