{"id":3353,"date":"2023-04-27T10:47:30","date_gmt":"2023-04-27T08:47:30","guid":{"rendered":"https:\/\/mainzerstrasse.saarland\/wordpress\/?p=3353"},"modified":"2023-04-27T10:47:31","modified_gmt":"2023-04-27T08:47:31","slug":"hoffeste-am-1-mai","status":"publish","type":"post","link":"https:\/\/mainzerstrasse.saarland\/wordpress\/2023\/04\/27\/hoffeste-am-1-mai\/","title":{"rendered":"<strong>Hoffeste am 1. Mai<\/strong>"},"content":{"rendered":"\n<figure class=\"wp-block-image size-large\"><img loading=\"lazy\" decoding=\"async\" width=\"728\" height=\"1024\" src=\"https:\/\/mainzerstrasse.saarland\/wordpress\/wp-content\/uploads\/2023\/04\/Hoffeste2023-728x1024.jpg\" alt=\"\" class=\"wp-image-3355\" srcset=\"https:\/\/mainzerstrasse.saarland\/wordpress\/wp-content\/uploads\/2023\/04\/Hoffeste2023-728x1024.jpg 728w, https:\/\/mainzerstrasse.saarland\/wordpress\/wp-content\/uploads\/2023\/04\/Hoffeste2023-213x300.jpg 213w, https:\/\/mainzerstrasse.saarland\/wordpress\/wp-content\/uploads\/2023\/04\/Hoffeste2023-768x1080.jpg 768w, https:\/\/mainzerstrasse.saarland\/wordpress\/wp-content\/uploads\/2023\/04\/Hoffeste2023-1092x1536.jpg 1092w, https:\/\/mainzerstrasse.saarland\/wordpress\/wp-content\/uploads\/2023\/04\/Hoffeste2023-1457x2048.jpg 1457w, https:\/\/mainzerstrasse.saarland\/wordpress\/wp-content\/uploads\/2023\/04\/Hoffeste2023-100x141.jpg 100w, https:\/\/mainzerstrasse.saarland\/wordpress\/wp-content\/uploads\/2023\/04\/Hoffeste2023-150x211.jpg 150w, https:\/\/mainzerstrasse.saarland\/wordpress\/wp-content\/uploads\/2023\/04\/Hoffeste2023-200x281.jpg 200w, https:\/\/mainzerstrasse.saarland\/wordpress\/wp-content\/uploads\/2023\/04\/Hoffeste2023-300x422.jpg 300w, https:\/\/mainzerstrasse.saarland\/wordpress\/wp-content\/uploads\/2023\/04\/Hoffeste2023-450x633.jpg 450w, https:\/\/mainzerstrasse.saarland\/wordpress\/wp-content\/uploads\/2023\/04\/Hoffeste2023-600x844.jpg 600w, https:\/\/mainzerstrasse.saarland\/wordpress\/wp-content\/uploads\/2023\/04\/Hoffeste2023-900x1265.jpg 900w, https:\/\/mainzerstrasse.saarland\/wordpress\/wp-content\/uploads\/2023\/04\/Hoffeste2023-scaled.jpg 1821w\" sizes=\"auto, (max-width: 728px) 100vw, 728px\" \/><\/figure>\n\n\n\n<p>Am Montag ist es soweit! Zum 14. Mal organisiert der Verein Quartier Mainzer Stra\u00dfe e.V. in den Innenh\u00f6fen Kunsthandwerk sowie Essens- und Flohmarktst\u00e4nde.<\/p>\n\n\n\n<p>Am 1. Mai 2023 finden die Hoffeste im Quartier Mainzer Stra\u00dfe statt. Die Besucher haben wieder die M\u00f6glichkeit einen Blick in die H\u00f6fe zu erhaschen, die sonst hinter dicken Mauern und gro\u00dfen Toren versteckt sind. Sie bleiben der \u00d6ffentlichkeit das ganze Jahr \u00fcber verborgen \u2013 bis auf den 1. Mai an den Hoffesten. Der Verein Quartier Mainzer Stra\u00dfe bietet ein buntes Programm von Kulinarik, Kunsthandwerk, Vereinsleben bis hin zu Flohmarkts- und Essensst\u00e4nden.<\/p>\n\n\n\n<p>Am 1. Mai sollen die H\u00f6fe vor allem eine Botschaft senden: \u201eKommt herein und lasst uns einander kennenlernen\u201c.<\/p>\n","protected":false},"excerpt":{"rendered":"<p>Am Montag ist es soweit! Zum 14. Mal organisiert der Verein Quartier Mainzer Stra\u00dfe e.V. in den Innenh\u00f6fen Kunsthandwerk sowie Essens- und Flohmarktst\u00e4nde. Am 1. Mai 2023 finden die Hoffeste im Quartier Mainzer Stra\u00dfe statt. Die Besucher haben wieder die<span class=\"ellipsis\">&hellip;<\/span><\/p>\n<div class=\"read-more\"><a href=\"https:\/\/mainzerstrasse.saarland\/wordpress\/2023\/04\/27\/hoffeste-am-1-mai\/\">Weiterlesen &#8250;<\/a><\/div>\n<p><!-- end of .read-more --><\/p>\n","protected":false},"author":1,"featured_media":0,"comment_status":"closed","ping_status":"open","sticky":false,"template":"","format":"standard","meta":{"footnotes":""},"categories":[1],"tags":[],"class_list":["post-3353","post","type-post","status-publish","format-standard","hentry","category-allgemein"],"_links":{"self":[{"href":"https:\/\/mainzerstrasse.saarland\/wordpress\/wp-json\/wp\/v2\/posts\/3353","targetHints":{"allow":["GET"]}}],"collection":[{"href":"https:\/\/mainzerstrasse.saarland\/wordpress\/wp-json\/wp\/v2\/posts"}],"about":[{"href":"https:\/\/mainzerstrasse.saarland\/wordpress\/wp-json\/wp\/v2\/types\/post"}],"author":[{"embeddable":true,"href":"https:\/\/mainzerstrasse.saarland\/wordpress\/wp-json\/wp\/v2\/users\/1"}],"replies":[{"embeddable":true,"href":"https:\/\/mainzerstrasse.saarland\/wordpress\/wp-json\/wp\/v2\/comments?post=3353"}],"version-history":[{"count":2,"href":"https:\/\/mainzerstrasse.saarland\/wordpress\/wp-json\/wp\/v2\/posts\/3353\/revisions"}],"predecessor-version":[{"id":3356,"href":"https:\/\/mainzerstrasse.saarland\/wordpress\/wp-json\/wp\/v2\/posts\/3353\/revisions\/3356"}],"wp:attachment":[{"href":"https:\/\/mainzerstrasse.saarland\/wordpress\/wp-json\/wp\/v2\/media?parent=3353"}],"wp:term":[{"taxonomy":"category","embeddable":true,"href":"https:\/\/mainzerstrasse.saarland\/wordpress\/wp-json\/wp\/v2\/categories?post=3353"},{"taxonomy":"post_tag","embeddable":true,"href":"https:\/\/mainzerstrasse.saarland\/wordpress\/wp-json\/wp\/v2\/tags?post=3353"}],"curies":[{"name":"wp","href":"https:\/\/api.w.org\/{rel}","templated":true}]}}