{"id":36,"date":"2015-07-01T01:07:55","date_gmt":"2015-07-01T01:07:55","guid":{"rendered":"http:\/\/mainzerstrasse.saarland\/wordpress\/2015\/07\/01\/unternehmer-und-anwohnerstammtisch\/"},"modified":"2018-06-24T13:07:35","modified_gmt":"2018-06-24T11:07:35","slug":"unternehmer-und-anwohnerstammtisch","status":"publish","type":"post","link":"https:\/\/mainzerstrasse.saarland\/wordpress\/2015\/07\/01\/unternehmer-und-anwohnerstammtisch\/","title":{"rendered":"Quartiersdialog"},"content":{"rendered":"<div class=\"field field-name-field-bild field-type-image field-label-hidden\">\n<div class=\"field-items\">\n<div class=\"field-item even\"><a title=\"\" href=\"http:\/\/mainzerstrasse.saarland\/sites\/default\/files\/DSCN9993.JPG\" rel=\"lightbox[field_bild][&lt;p&gt;&lt;a href=&quot;http:\/\/mainzerstrasse.saarland\/sites\/default\/files\/DSCN9993.JPG&quot;&gt;Download Original&lt;\/a&gt;&lt;\/p&gt;]\"><img decoding=\"async\" class=\"adaptive-image\" src=\"http:\/\/mainzerstrasse.saarland\/sites\/default\/files\/styles\/350x350\/adaptive-image\/public\/DSCN9993.JPG?itok=iEM8qacq\" alt=\"\" \/><\/a><\/div>\n<div class=\"field-item odd\"><a title=\"\" href=\"http:\/\/mainzerstrasse.saarland\/sites\/default\/files\/12227088_989391117790177_1992105521556258653_n.jpg\" rel=\"lightbox[field_bild][&lt;p&gt;&lt;a href=&quot;http:\/\/mainzerstrasse.saarland\/sites\/default\/files\/12227088_989391117790177_1992105521556258653_n.jpg&quot;&gt;Download Original&lt;\/a&gt;&lt;\/p&gt;]\"><img decoding=\"async\" class=\"adaptive-image\" src=\"http:\/\/mainzerstrasse.saarland\/sites\/default\/files\/styles\/350x350\/adaptive-image\/public\/12227088_989391117790177_1992105521556258653_n.jpg?itok=tVZcUvNt\" alt=\"\" \/><\/a>Der Quartiersdialog ist ein Treffen der Mitglieder des Vereins und solcher, die es werden wollen.Die Veranstaltung findet themenbezogen statt. Es gibt einem informativen Teil oder Fachvortrag und einem gem\u00fctlichen Teil (Get Togehter).<\/div>\n<\/div>\n<\/div>\n<div class=\"field field-name-body field-type-text-with-summary field-label-hidden\">\n<div class=\"field-items\">\n<div class=\"field-item even\">\n<p>Termine und \u00d6rtlichkeiten werden \u00fcber die Vereinshomepage, \u00fcber Facebook und \u00fcber einen Emailverteiler bekannt gegeben. N\u00e4here Infos unter <a href=\"mailto:info@mainzerstrasse.saarland\" target=\"_blank\" rel=\"noopener noreferrer\">info@mainzerstrasse.saarland<\/a><\/p>\n<p>&nbsp;<\/p>\n<\/div>\n<\/div>\n<\/div>\n","protected":false},"excerpt":{"rendered":"<p>Der Quartiersdialog ist ein Treffen der Mitglieder des Vereins und solcher, die es werden wollen.Die Veranstaltung findet themenbezogen statt. Es gibt einem informativen Teil oder Fachvortrag und einem gem\u00fctlichen Teil (Get Togehter). Termine und \u00d6rtlichkeiten werden \u00fcber die Vereinshomepage, \u00fcber<span class=\"ellipsis\">&hellip;<\/span><\/p>\n<div class=\"read-more\"><a href=\"https:\/\/mainzerstrasse.saarland\/wordpress\/2015\/07\/01\/unternehmer-und-anwohnerstammtisch\/\">Weiterlesen &#8250;<\/a><\/div>\n<p><!-- end of .read-more --><\/p>\n","protected":false},"author":2,"featured_media":0,"comment_status":"closed","ping_status":"open","sticky":false,"template":"","format":"standard","meta":{"footnotes":""},"categories":[1,14],"tags":[],"class_list":["post-36","post","type-post","status-publish","format-standard","hentry","category-allgemein","category-quartiers-dialog"],"_links":{"self":[{"href":"https:\/\/mainzerstrasse.saarland\/wordpress\/wp-json\/wp\/v2\/posts\/36","targetHints":{"allow":["GET"]}}],"collection":[{"href":"https:\/\/mainzerstrasse.saarland\/wordpress\/wp-json\/wp\/v2\/posts"}],"about":[{"href":"https:\/\/mainzerstrasse.saarland\/wordpress\/wp-json\/wp\/v2\/types\/post"}],"author":[{"embeddable":true,"href":"https:\/\/mainzerstrasse.saarland\/wordpress\/wp-json\/wp\/v2\/users\/2"}],"replies":[{"embeddable":true,"href":"https:\/\/mainzerstrasse.saarland\/wordpress\/wp-json\/wp\/v2\/comments?post=36"}],"version-history":[{"count":4,"href":"https:\/\/mainzerstrasse.saarland\/wordpress\/wp-json\/wp\/v2\/posts\/36\/revisions"}],"predecessor-version":[{"id":2954,"href":"https:\/\/mainzerstrasse.saarland\/wordpress\/wp-json\/wp\/v2\/posts\/36\/revisions\/2954"}],"wp:attachment":[{"href":"https:\/\/mainzerstrasse.saarland\/wordpress\/wp-json\/wp\/v2\/media?parent=36"}],"wp:term":[{"taxonomy":"category","embeddable":true,"href":"https:\/\/mainzerstrasse.saarland\/wordpress\/wp-json\/wp\/v2\/categories?post=36"},{"taxonomy":"post_tag","embeddable":true,"href":"https:\/\/mainzerstrasse.saarland\/wordpress\/wp-json\/wp\/v2\/tags?post=36"}],"curies":[{"name":"wp","href":"https:\/\/api.w.org\/{rel}","templated":true}]}}